{"id":21987,"date":"2025-10-20T17:15:08","date_gmt":"2025-10-20T15:15:08","guid":{"rendered":"https:\/\/fixator.fr\/?p=21987"},"modified":"2025-10-21T13:42:33","modified_gmt":"2025-10-21T11:42:33","slug":"fixator-en-la-interlift-2025-de-nuremberg-la-seguridad-a-la-vanguardia-de-la-innovacion","status":"publish","type":"post","link":"https:\/\/iarina032.supserv.cozmoslabs.com\/lat-am\/fixator-au-salon-interlift-2025-a-nuremberg-la-securite-au-sommet-de-linnovation\/","title":{"rendered":"FIXATOR en la feria Interlift 2025 de N\u00faremberg: la seguridad en la vanguardia de la innovaci\u00f3n"},"content":{"rendered":"<p>[et_pb_section fb_built=&#8221;1&#8243; _builder_version=&#8221;4.24.2&#8243; _module_preset=&#8221;default&#8221; custom_padding=&#8221;7px||25px|||&#8221; locked=&#8221;off&#8221; global_colors_info=&#8221;{}&#8221; theme_builder_area=&#8221;post_content&#8221;][et_pb_row column_structure=&#8221;2_3,1_3&#8243; _builder_version=&#8221;4.27.4&#8243; _module_preset=&#8221;default&#8221; custom_padding=&#8221;26px|||||&#8221; global_colors_info=&#8221;{}&#8221; theme_builder_area=&#8221;post_content&#8221;][et_pb_column type=&#8221;2_3&#8243; _builder_version=&#8221;4.27.4&#8243; _module_preset=&#8221;default&#8221; global_colors_info=&#8221;{}&#8221; theme_builder_area=&#8221;post_content&#8221;][et_pb_text _builder_version=&#8221;4.27.4&#8243; _module_preset=&#8221;default&#8221; global_colors_info=&#8221;{}&#8221; theme_builder_area=&#8221;post_content&#8221;]<\/p>\n<h2 style=\"text-align: left;\"><strong>Pavillon 4, Stand D501<\/strong><\/h2>\n<p style=\"text-align: left;\"><!-- \/divi:heading --> <!-- divi:paragraph --><\/p>\n<p>Cette ann\u00e9e, <strong>FIXATOR<\/strong> a eu le plaisir de participer au <strong>salon international Interlift,<\/strong> l\u2019un des rendez-vous majeurs <strong>de l\u2019industrie de l\u2019ascenseur<\/strong> et <strong>des solutions de levage \u00e9lectrique<\/strong>.<br \/>L\u2019\u00e9v\u00e9nement, qui s\u2019est tenu \u00e0 <strong>Nuremberg du 14 au 17 octobre 2025,<\/strong> a rassembl\u00e9 les principaux acteurs du secteur venus d\u00e9couvrir les derni\u00e8res innovations et partager leur expertise sur les technologies de demain.<\/p>\n<p style=\"text-align: left;\"><!-- \/divi:paragraph --> <!-- divi:heading --><\/p>\n<h2 style=\"text-align: left;\"><strong>Nos solutions de levage pr\u00e9sent\u00e9es pour les ascensoristes<\/strong><\/h2>\n<p>Sur notre stand, les visiteurs ont pu d\u00e9couvrir plusieurs produits phares de notre gamme, con\u00e7us pour r\u00e9pondre aux exigences les plus strictes <strong>en mati\u00e8re de s\u00e9curit\u00e9, de performance et de fiabilit\u00e9<\/strong>.<br data-start=\"1154\" data-end=\"1157\" \/><strong>Nos treuils \u00e9lectriques professionnels<\/strong> et <strong data-start=\"1203\" data-end=\"1233\">palans \u00e0 c\u00e2ble \u00e9lectriques<\/strong> sont conformes <strong>aux normes europ\u00e9ennes EN 14492-2<\/strong> (treuils motoris\u00e9s) et <strong data-start=\"1310\" data-end=\"1321\">EN 1808<\/strong> (plateformes suspendues), garantissant la conformit\u00e9, la s\u00e9curit\u00e9 d\u2019utilisation et la qualit\u00e9 de fabrication.<\/p>\n<p>Voici la gamme que nous avons pr\u00e9sent\u00e9 pour le secteur ascensoriste\u00a0:<\/p>\n<ol>\n<ul>\n<li style=\"color: #00a776;\"><strong>Treuils \u00e9lectriques LM<\/strong><\/li>\n<\/ul>\n<\/ol>\n<p>\u2014<strong> pour le levage de mat\u00e9riels jusqu\u2019\u00e0 500 kg<\/strong>, ou <strong>1 tonne avec kit de mouflage<\/strong>.<strong> Ces treuils \u00e9lectriques 220V ou 400V<\/strong> compacts et robustes sont id\u00e9aux pour <strong>le levage de chantier<\/strong>, <strong>la location de treuils \u00e9lectriques<\/strong> ou<strong> les op\u00e9rations de maintenance<\/strong>.<br \/>Leur conception permet <strong>une utilisation polyvalente en treuil horizontal \u00e9lectrique 220V<\/strong> ou <strong>en treuil de halage \u00e9lectrique 220V<\/strong> selon le besoin.<\/p>\n<ol>\n<ul>\n<li style=\"color: #00a776;\"><strong>Treuils \u00e9lectriques LM VFD<\/strong><\/li>\n<\/ul>\n<\/ol>\n<p>\u2014 <strong>\u00e0 double vitesse,<\/strong> con\u00e7us pour <strong>le levage pr\u00e9cis de charges fragiles ou volumineuses,<\/strong> garantissant un contr\u00f4le fluide et s\u00e9curis\u00e9 des op\u00e9rations de levage.<\/p>\n<ol>\n<ul>\n<li style=\"color: #00a776;\"><strong>Treuils Liftho<\/strong><\/li>\n<\/ul>\n<\/ol>\n<p>\u2014 d\u00e9di\u00e9s \u00e0 <strong>la r\u00e9novation et am\u00e9nagement de la gaine d\u2019ascenseur,<\/strong>\u00a0install\u00e9s en t\u00eate de cabine, sur les parois de la gaine ou en fosse d\u2019ascenseur pour <strong>un levage jusqu\u2019\u00e0 1 000 kg en ligne directe<\/strong>. Ce <strong>palan \u00e9lectrique 1000 kg<\/strong> se distingue par sa fiabilit\u00e9 et son installation rapide. Il peut \u00eatre utilis\u00e9 comme<strong> treuil \u00e9lectrique 220V ou 400V 1000 kg,<\/strong> ou avec la poulie de mouflage UPS2T comme <strong>treuil \u00e9lectrique 220V 1500 kg<\/strong> pour des charges plus lourdes.<\/p>\n<ol>\n<ul>\n<li style=\"color: #00a776;\"><strong>Plateforme modulaire False Car<\/strong><\/li>\n<\/ul>\n<\/ol>\n<p>\u2014 d\u00e9velopp\u00e9e pour <strong>l\u2019installation de gaines d\u2019ascenseurs,<\/strong> \u00e9quip\u00e9e de <strong>roues<\/strong> et <strong>ne n\u00e9cessitant pas de rails, <\/strong>elle permet une mise en \u0153uvre rapide, stable et ergonomique.<br \/>Lev\u00e9e gr\u00e2ce \u00e0 <strong>2 treuils \u00e0 c\u00e2ble \u00e9lectriques e.lift, <\/strong>cette plateforme modulaire offre une solution flexible et stable pour les professionnels du montage d\u2019ascenseurs;<\/p>\n<ol>\n<ul>\n<li style=\"color: #00a776;\"><strong>Poulie UPS2T<\/strong><\/li>\n<\/ul>\n<\/ol>\n<p>\u2014 <strong>une poulie de d\u00e9viation ou de mouflage<\/strong> con\u00e7ue pour <strong>le levage de charges jusqu\u2019\u00e0 2 tonnes,<\/strong>\u00a0id\u00e9ale pour les op\u00e9rations n\u00e9cessitant <strong>un treuil \u00e9lectrique 2 tonnes<\/strong> ou <strong>un palan \u00e9lectrique 1500 kg<\/strong>. Elle peut-\u00eatre utilis\u00e9e avec <strong>les treuils \u00e9lectriques 230V ou 400V,<\/strong> permettant d\u2019optimiser <strong>le guidage du c\u00e2ble<\/strong> lors <strong>du levage ou du halage ou de doubler la charge lev\u00e9e <\/strong>selon les contraintes du chantier;<\/p>\n<ol>\n<ul>\n<li style=\"color: #00a776;\"><strong>Bloc de s\u00e9curit\u00e9 SECURICHUTE\u2122<\/strong><\/li>\n<\/ul>\n<\/ol>\n<p>\u2014 <strong>un dispositif antichute<\/strong> qui s\u2019installe directement sur <strong>les treuils \u00e9lectriques FIXATOR <\/strong>ou sur des cols de cygne. Ce syst\u00e8me, associ\u00e9 \u00e0 <strong>un c\u00e2ble de s\u00e9curit\u00e9 ind\u00e9pendant,<\/strong> est con\u00e7u pour <strong>prot\u00e9ger les op\u00e9rateurs en cas de rupture du c\u00e2ble principal<\/strong>.<br \/>En cas d\u2019anomalie, le bloc antichute s\u2019enclenche automatiquement, <strong>immobilisant la charge<\/strong> et <strong>emp\u00eachant toute descente incontr\u00f4l\u00e9e<\/strong>.<\/p>\n<h2 style=\"text-align: left;\"><strong>Une pr\u00e9sence tourn\u00e9e vers l\u2019avenir<\/strong><\/h2>\n<p>La participation de Fixator \u00e0 Interlift a \u00e9t\u00e9 l\u2019occasion de <strong>pr\u00e9senter nos innovations<\/strong>, de <strong>rencontrer nos partenaires internationaux<\/strong> et de <strong>valoriser notre savoir-faire fran\u00e7ais,<\/strong> fruit de <strong>plus de 100 ans d\u2019exp\u00e9rience<\/strong> dans le domaine du levage et de l\u2019acc\u00e8s suspendu.<\/p>\n<p>Gr\u00e2ce \u00e0 notre expertise en <strong>treuils et palans \u00e9lectriques,<\/strong> nous accompagnons chaque projet \u2014 de la conception \u00e0 la mise en service \u2014 avec des solutions fiables et conformes aux normes les plus exigeantes.<\/p>\n<p>Nous remercions chaleureusement tous les visiteurs venus d\u00e9couvrir nos produits et \u00e9changer avec notre \u00e9quipe.<br \/>Fixator poursuit sa mission : <strong>concevoir des \u00e9quipements s\u00fbrs, performants et durables,<\/strong> au service des professionnels de l\u2019\u00e9l\u00e9vation et de la s\u00e9curit\u00e9 en hauteur.<\/p>\n<p>[\/et_pb_text][\/et_pb_column][et_pb_column type=&#8221;1_3&#8243; _builder_version=&#8221;4.27.4&#8243; _module_preset=&#8221;default&#8221; global_colors_info=&#8221;{}&#8221; theme_builder_area=&#8221;post_content&#8221;][et_pb_image src=&#8221;https:\/\/iarina032.supserv.cozmoslabs.com\/wp-content\/uploads\/Clement-et-Alex-sur-le-stand-Fixator-au-salon-Interlift-2025-e1760968407106.jpg&#8221; title_text=&#8221;Cl\u00e9ment et Alex sur le stand Fixator au salon Interlift 2025&#8243; _builder_version=&#8221;4.27.4&#8243; _module_preset=&#8221;default&#8221; width=&#8221;87.4%&#8221; custom_margin=&#8221;||37px|||&#8221; custom_padding=&#8221;|12px||0px||&#8221; global_colors_info=&#8221;{}&#8221; theme_builder_area=&#8221;post_content&#8221;][\/et_pb_image][et_pb_gallery gallery_ids=&#8221;12922&#8243; posts_number=&#8221;1&#8243; _builder_version=&#8221;4.27.4&#8243; _dynamic_attributes=&#8221;link_option_url&#8221; _module_preset=&#8221;default&#8221; module_alignment=&#8221;right&#8221; custom_margin=&#8221;0px||||false|false&#8221; link_option_url=&#8221;@ET-DC@eyJkeW5hbWljIjp0cnVlLCJjb250ZW50IjoicG9zdF9saW5rX3VybF9wcm9kdWN0Iiwic2V0dGluZ3MiOnsicG9zdF9pZCI6IjEyMDIzIn19@&#8221; global_colors_info=&#8221;{}&#8221; theme_builder_area=&#8221;post_content&#8221;][\/et_pb_gallery][et_pb_gallery gallery_ids=&#8221;11826&#8243; posts_number=&#8221;1&#8243; _builder_version=&#8221;4.27.4&#8243; _dynamic_attributes=&#8221;link_option_url&#8221; _module_preset=&#8221;default&#8221; module_alignment=&#8221;right&#8221; custom_margin=&#8221;0px||||false|false&#8221; link_option_url=&#8221;@ET-DC@eyJkeW5hbWljIjp0cnVlLCJjb250ZW50IjoicG9zdF9saW5rX3VybF9wcm9kdWN0Iiwic2V0dGluZ3MiOnsicG9zdF9pZCI6IjExMzM2In19@&#8221; global_colors_info=&#8221;{}&#8221; theme_builder_area=&#8221;post_content&#8221;][\/et_pb_gallery][et_pb_gallery gallery_ids=&#8221;22012&#8243; posts_number=&#8221;1&#8243; show_pagination=&#8221;off&#8221; _builder_version=&#8221;4.27.4&#8243; _dynamic_attributes=&#8221;link_option_url&#8221; _module_preset=&#8221;default&#8221; transform_scale=&#8221;120%|120%&#8221; module_alignment=&#8221;right&#8221; custom_margin=&#8221;0px||||false|false&#8221; link_option_url=&#8221;@ET-DC@eyJkeW5hbWljIjp0cnVlLCJjb250ZW50IjoicG9zdF9saW5rX3VybF9wcm9kdWN0Iiwic2V0dGluZ3MiOnsicG9zdF9pZCI6IjEzODA2In19@&#8221; link_option_url_new_window=&#8221;on&#8221; global_colors_info=&#8221;{}&#8221; theme_builder_area=&#8221;post_content&#8221;][\/et_pb_gallery][\/et_pb_column][\/et_pb_row][et_pb_row _builder_version=&#8221;4.27.4&#8243; _module_preset=&#8221;default&#8221; custom_padding=&#8221;13px||21px|||&#8221; global_colors_info=&#8221;{}&#8221; theme_builder_area=&#8221;post_content&#8221;][et_pb_column type=&#8221;4_4&#8243; _builder_version=&#8221;4.27.4&#8243; _module_preset=&#8221;default&#8221; global_colors_info=&#8221;{}&#8221; theme_builder_area=&#8221;post_content&#8221;][et_pb_text _builder_version=&#8221;4.27.4&#8243; _module_preset=&#8221;default&#8221; custom_padding=&#8221;||33px|||&#8221; global_colors_info=&#8221;{}&#8221; theme_builder_area=&#8221;post_content&#8221;]<\/p>\n<h2 style=\"text-align: left;\"><strong>Galeries d&#8217;images<\/strong><\/h2>\n<p>[\/et_pb_text][et_pb_gallery gallery_ids=&#8221;22000,21998,21999&#8243; posts_number=&#8221;3&#8243; show_pagination=&#8221;off&#8221; _builder_version=&#8221;4.27.4&#8243; _module_preset=&#8221;default&#8221; caption_text_color=&#8221;RGBA(255,255,255,0)&#8221; width=&#8221;77%&#8221; custom_margin=&#8221;-35px||0px||false|false&#8221; custom_padding=&#8221;||0px|||&#8221; custom_css_free_form=&#8221;\/** Desktop **\/||@media (min-width: 981px){||.col-width .et_pb_gallery_item {||width: 16.66% !important; \/*six columns*\/||clear: none !important;||}||}|| ||\/** Tablet **\/||@media (max-width: 980px){||.col-width .et_pb_gallery_item {||width: 25% !important; \/*four columns*\/||clear: none !important;||}||}|| ||\/** Small Tablet and Large Phone **\/||@media (max-width: 767px){||.col-width .et_pb_gallery_item {||width: 33.33% !important; \/*three columns*\/||clear: none !important;||}||}|| ||\/** Phone **\/||@media (max-width: 479px){||.col-width .et_pb_gallery_item {||width: 50% !important; \/*two columns*\/||clear: none !important;||}||}||.pswp__caption__center {||    display: none !important;||}&#8221; locked=&#8221;off&#8221; global_colors_info=&#8221;{}&#8221; theme_builder_area=&#8221;post_content&#8221;][\/et_pb_gallery][\/et_pb_column][\/et_pb_row][\/et_pb_section]<\/p>\n","protected":false},"excerpt":{"rendered":"<p>Fixator, fabricante franc\u00e9s de polipastos y plataformas suspendidas para trabajos en altura, particip\u00f3 en Interlift 2025, la principal feria internacional de ascensores, donde se expusieron los polipastos el\u00e9ctricos LM y los polipastos el\u00e9ctricos Liftho para la renovaci\u00f3n de cabinas de ascensores.  <\/p>","protected":false},"author":273,"featured_media":21995,"comment_status":"closed","ping_status":"open","sticky":false,"template":"","format":"standard","meta":{"_acf_changed":false,"_et_pb_use_builder":"on","_et_pb_old_content":"","_et_gb_content_width":"","two_page_speed":[],"footnotes":""},"categories":[885],"tags":[],"class_list":["post-21987","post","type-post","status-publish","format-standard","has-post-thumbnail","hentry","category-salons"],"acf":[],"_links":{"self":[{"href":"https:\/\/iarina032.supserv.cozmoslabs.com\/lat-am\/wp-json\/wp\/v2\/posts\/21987","targetHints":{"allow":["GET"]}}],"collection":[{"href":"https:\/\/iarina032.supserv.cozmoslabs.com\/lat-am\/wp-json\/wp\/v2\/posts"}],"about":[{"href":"https:\/\/iarina032.supserv.cozmoslabs.com\/lat-am\/wp-json\/wp\/v2\/types\/post"}],"author":[{"embeddable":true,"href":"https:\/\/iarina032.supserv.cozmoslabs.com\/lat-am\/wp-json\/wp\/v2\/users\/273"}],"replies":[{"embeddable":true,"href":"https:\/\/iarina032.supserv.cozmoslabs.com\/lat-am\/wp-json\/wp\/v2\/comments?post=21987"}],"version-history":[{"count":35,"href":"https:\/\/iarina032.supserv.cozmoslabs.com\/lat-am\/wp-json\/wp\/v2\/posts\/21987\/revisions"}],"predecessor-version":[{"id":22048,"href":"https:\/\/iarina032.supserv.cozmoslabs.com\/lat-am\/wp-json\/wp\/v2\/posts\/21987\/revisions\/22048"}],"wp:featuredmedia":[{"embeddable":true,"href":"https:\/\/iarina032.supserv.cozmoslabs.com\/lat-am\/wp-json\/wp\/v2\/media\/21995"}],"wp:attachment":[{"href":"https:\/\/iarina032.supserv.cozmoslabs.com\/lat-am\/wp-json\/wp\/v2\/media?parent=21987"}],"wp:term":[{"taxonomy":"category","embeddable":true,"href":"https:\/\/iarina032.supserv.cozmoslabs.com\/lat-am\/wp-json\/wp\/v2\/categories?post=21987"},{"taxonomy":"post_tag","embeddable":true,"href":"https:\/\/iarina032.supserv.cozmoslabs.com\/lat-am\/wp-json\/wp\/v2\/tags?post=21987"}],"curies":[{"name":"gracias","href":"https:\/\/api.w.org\/{rel}","templated":true}]}}